{"id":515,"date":"2026-04-06T16:54:52","date_gmt":"2026-04-06T14:54:52","guid":{"rendered":"https:\/\/ge26.dkonto.pl\/?p=515"},"modified":"2026-04-06T16:54:52","modified_gmt":"2026-04-06T14:54:52","slug":"turystyka-w-panstwach-nordyckich","status":"publish","type":"post","link":"https:\/\/ge26.dkonto.pl\/index.php\/2026\/04\/06\/turystyka-w-panstwach-nordyckich\/","title":{"rendered":"Turystyka w pa\u0144stwach Nordyckich"},"content":{"rendered":"\n<p class=\"has-text-align-center\"><mark style=\"background-color:#00c0ad\" class=\"has-inline-color\"><strong>Kraje nordyckie, takie jak Norwegia, Szwecja, Finlandia, Dania, Islandia, przyci\u0105gaj\u0105 turyst\u00f3w pi\u0119kn\u0105 przyrod\u0105 i wysok\u0105 jako\u015bci\u0105 \u017cycia.<\/strong> Popularne s\u0105 tam fiordy, zorza polarna, oraz rozleg\u0142e lasy i jeziora. Turystyka rozwija si\u0119 dzi\u0119ki dobrej infrastrukturze oraz dba\u0142o\u015bci o \u015brodowisko naturalne. Region ten jest ceniony za spok\u00f3j, bezpiecze\u0144stwo, unikalna kultur\u0119.<\/mark><\/p>\n\n\n\n<h2 class=\"wp-block-heading has-text-align-center has-background has-medium-font-size\" style=\"border-top-left-radius:78px;border-top-right-radius:78px;border-bottom-left-radius:78px;border-bottom-right-radius:78px;background:linear-gradient(135deg,rgb(61,171,235) 0%,rgb(43,207,147) 26%,rgb(112,97,171) 62%,rgb(19,217,187) 100%)\"><strong><em>LISTA UNESCO<\/em><\/strong> (wybrane)<\/h2>\n\n\n\n<p class=\"has-text-align-center\"><strong><em>DANIA:<\/em><\/strong><\/p>\n\n\n\n<p class=\"has-text-align-center\"><strong><mark style=\"background-color:#00ffbf;color:#061d85\" class=\"has-inline-color\">&#8211;&gt; Jelling Mounds, Runic Stones and Church<\/mark><\/strong><\/p>\n\n\n\n<div class=\"wp-block-group is-nowrap is-layout-flex wp-container-core-group-is-layout-6c531013 wp-block-group-is-layout-flex\">\n<figure class=\"wp-block-image alignright size-full is-resized\"><img loading=\"lazy\" decoding=\"async\" width=\"750\" height=\"750\" src=\"https:\/\/ge26.dkonto.pl\/wp-content\/uploads\/2026\/04\/image.png\" alt=\"\" class=\"wp-image-519\" style=\"width:223px;height:auto\" srcset=\"https:\/\/ge26.dkonto.pl\/wp-content\/uploads\/2026\/04\/image.png 750w, https:\/\/ge26.dkonto.pl\/wp-content\/uploads\/2026\/04\/image-300x300.png 300w, https:\/\/ge26.dkonto.pl\/wp-content\/uploads\/2026\/04\/image-150x150.png 150w\" sizes=\"auto, (max-width: 750px) 100vw, 750px\" \/><figcaption class=\"wp-element-caption\"><a href=\"https:\/\/whc.unesco.org\/en\/list\/697\/\" data-type=\"link\" data-id=\"https:\/\/whc.unesco.org\/en\/list\/697\/\">https:\/\/whc.unesco.org\/en\/list\/697\/<\/a><\/figcaption><\/figure>\n\n\n\n<p><strong><mark style=\"background-color:rgba(0, 0, 0, 0);color:#061d85\" class=\"has-inline-color\">Jelling Mounds, Runic Stones and Church to jedno z najwa\u017cniejszych stanowisk historycznych w Danii, wpisane na list\u0119 UNESCO jako symbol narodzin pa\u0144stwa du\u0144skiego. <\/mark><\/strong>Kompleks obejmuje dwa wielkie kurhany, kamienie runiczne oraz ko\u015bci\u00f3\u0142, kt\u00f3re razem ilustruj\u0105 przej\u015bcie od wierze\u0144 poga\u0144skich do chrze\u015bcija\u0144stwa. Najs\u0142ynniejsze s\u0105 kamienie runiczne wzniesione przez kr\u00f3la Haralda Sinoz\u0119bego, uznawane za \u201eakt chrztu Danii\u201d. <strong><mark style=\"background-color:rgba(0, 0, 0, 0);color:#061d85\" class=\"has-inline-color\">Miejsce to ma ogromne znaczenie historyczne i kulturowe, ukazuj\u0105c pocz\u0105tki monarchii oraz to\u017csamo\u015bci narodowej Danii.<\/mark><\/strong><\/p>\n<\/div>\n\n\n\n<p class=\"has-text-align-center\"><mark style=\"background-color:#00ffbf;color:#061d85\" class=\"has-inline-color\"><strong>&#8211;&gt; Roskilde Cathedral<\/strong><\/mark><\/p>\n\n\n\n<div class=\"wp-block-group is-nowrap is-layout-flex wp-container-core-group-is-layout-6c531013 wp-block-group-is-layout-flex\">\n<p><strong><mark style=\"background-color:rgba(0, 0, 0, 0);color:#061d85\" class=\"has-inline-color\">Roskilde Cathedral to zabytkowa katedra w Roskilde, wpisana na list\u0119 UNESCO. Zosta\u0142a zbudowana z czerwonej ceg\u0142y i jest jednym z najwa\u017cniejszych przyk\u0142ad\u00f3w architektury gotyckiej w Europie P\u00f3\u0142nocnej.<\/mark><\/strong> Od XV wieku pe\u0142ni funkcj\u0119 nekropolii kr\u00f3l\u00f3w Danii, gdzie pochowano wielu w\u0142adc\u00f3w. \u015awi\u0105tynia odegra\u0142a wa\u017cn\u0105 rol\u0119 w historii kraju i jest symbolem du\u0144skiej monarchii oraz tradycji.<\/p>\n\n\n\n<figure class=\"wp-block-image alignright size-full is-resized\"><img loading=\"lazy\" decoding=\"async\" width=\"750\" height=\"750\" src=\"https:\/\/ge26.dkonto.pl\/wp-content\/uploads\/2026\/04\/image-2.png\" alt=\"\" class=\"wp-image-523\" style=\"width:218px;height:auto\" srcset=\"https:\/\/ge26.dkonto.pl\/wp-content\/uploads\/2026\/04\/image-2.png 750w, https:\/\/ge26.dkonto.pl\/wp-content\/uploads\/2026\/04\/image-2-300x300.png 300w, https:\/\/ge26.dkonto.pl\/wp-content\/uploads\/2026\/04\/image-2-150x150.png 150w\" sizes=\"auto, (max-width: 750px) 100vw, 750px\" \/><figcaption class=\"wp-element-caption\"><a href=\"https:\/\/whc.unesco.org\/en\/list\/697\/\" data-type=\"link\" data-id=\"https:\/\/whc.unesco.org\/en\/list\/697\/\">https:\/\/whc.unesco.org\/en\/list\/697\/<\/a><\/figcaption><\/figure>\n<\/div>\n\n\n\n<p class=\"has-text-align-center\"><br><strong><mark style=\"background-color:#00ffbf;color:#061d85\" class=\"has-inline-color\">&#8211;&gt; Kronborg Castle<\/mark><\/strong><\/p>\n\n\n\n<div class=\"wp-block-group is-nowrap is-layout-flex wp-container-core-group-is-layout-6c531013 wp-block-group-is-layout-flex\">\n<figure class=\"wp-block-image size-large\"><img loading=\"lazy\" decoding=\"async\" width=\"1024\" height=\"683\" src=\"https:\/\/ge26.dkonto.pl\/wp-content\/uploads\/2026\/04\/image-4-1024x683.png\" alt=\"\" class=\"wp-image-527\" srcset=\"https:\/\/ge26.dkonto.pl\/wp-content\/uploads\/2026\/04\/image-4-1024x683.png 1024w, https:\/\/ge26.dkonto.pl\/wp-content\/uploads\/2026\/04\/image-4-300x200.png 300w, https:\/\/ge26.dkonto.pl\/wp-content\/uploads\/2026\/04\/image-4-768x512.png 768w, https:\/\/ge26.dkonto.pl\/wp-content\/uploads\/2026\/04\/image-4.png 1440w\" sizes=\"auto, (max-width: 1024px) 100vw, 1024px\" \/><figcaption class=\"wp-element-caption\"><a href=\"https:\/\/www.visitdenmark.com\/denmark\/things-to-do\/history-heritage\/kronborg-castle\">https:\/\/www.visitdenmark.com\/denmark\/things-to-do\/history-heritage\/kronborg-castle<\/a><\/figcaption><\/figure>\n\n\n\n<p class=\"has-text-align-center\"><br><strong><mark style=\"background-color:rgba(0, 0, 0, 0);color:#061d85\" class=\"has-inline-color\">Kronborg Castle to renesansowy zamek po\u0142o\u017cony w Helsing\u00f8r, wpisany na list\u0119 UNESCO. S\u0142ynie jako miejsce akcji dramatu Hamlet autorstwa William Shakespeare. <\/mark><\/strong>Twierdza mia\u0142a strategiczne znaczenie, kontroluj\u0105c cie\u015bnin\u0119 Sund i handel na Ba\u0142tyku. Dzi\u015b jest wa\u017cnym zabytkiem i atrakcj\u0105 turystyczn\u0105 Danii.<\/p>\n<\/div>\n\n\n\n<p class=\"has-text-align-center\"><strong><em>NORWEGIA:<\/em><\/strong><\/p>\n\n\n\n<p class=\"has-text-align-center\"><strong><mark style=\"background-color:#dea4eb;color:#061d85\" class=\"has-inline-color\">&#8211;&gt; Bryggen<\/mark><\/strong><\/p>\n\n\n\n<div class=\"wp-block-group is-nowrap is-layout-flex wp-container-core-group-is-layout-6c531013 wp-block-group-is-layout-flex\">\n<p class=\"has-text-align-left\"><strong><mark style=\"background-color:rgba(0, 0, 0, 0);color:#061d85\" class=\"has-inline-color\">Bryggen to historyczna dzielnica portowa w Bergen, wpisana na list\u0119 UNESCO jako przyk\u0142ad \u015bredniowiecznej zabudowy kupieckiej Hanzy.<\/mark><\/strong><br>Charakteryzuje si\u0119 rz\u0119dem kolorowych, drewnianych dom\u00f3w, kt\u00f3re by\u0142y centrum handlu i \u017cycia gospodarczego od XIV wieku.<br>Dzi\u015b Bryggen jest wa\u017cnym symbolem dziedzictwa kulturowego Norwegii i popularn\u0105 atrakcj\u0105 turystyczn\u0105.<\/p>\n\n\n\n<figure class=\"wp-block-image alignright size-full is-resized\"><img loading=\"lazy\" decoding=\"async\" width=\"750\" height=\"750\" src=\"https:\/\/ge26.dkonto.pl\/wp-content\/uploads\/2026\/04\/image-6.png\" alt=\"\" class=\"wp-image-534\" style=\"width:214px;height:auto\" srcset=\"https:\/\/ge26.dkonto.pl\/wp-content\/uploads\/2026\/04\/image-6.png 750w, https:\/\/ge26.dkonto.pl\/wp-content\/uploads\/2026\/04\/image-6-300x300.png 300w, https:\/\/ge26.dkonto.pl\/wp-content\/uploads\/2026\/04\/image-6-150x150.png 150w\" sizes=\"auto, (max-width: 750px) 100vw, 750px\" \/><figcaption class=\"wp-element-caption\"><a href=\"https:\/\/whc.unesco.org\/en\/list\/59\" data-type=\"link\" data-id=\"https:\/\/whc.unesco.org\/en\/list\/59\">https:\/\/whc.unesco.org\/en\/list\/59<\/a><\/figcaption><\/figure>\n<\/div>\n\n\n\n<p class=\"has-text-align-center\"><strong><mark style=\"background-color:#dea4eb;color:#061d85\" class=\"has-inline-color\">&#8211;&gt;Urnes Stave Church<\/mark><\/strong><\/p>\n\n\n\n<div class=\"wp-block-group is-nowrap is-layout-flex wp-container-core-group-is-layout-6c531013 wp-block-group-is-layout-flex\">\n<figure class=\"wp-block-image size-full is-resized\"><img loading=\"lazy\" decoding=\"async\" width=\"750\" height=\"750\" src=\"https:\/\/ge26.dkonto.pl\/wp-content\/uploads\/2026\/04\/image-7.png\" alt=\"\" class=\"wp-image-535\" style=\"width:198px;height:auto\" srcset=\"https:\/\/ge26.dkonto.pl\/wp-content\/uploads\/2026\/04\/image-7.png 750w, https:\/\/ge26.dkonto.pl\/wp-content\/uploads\/2026\/04\/image-7-300x300.png 300w, https:\/\/ge26.dkonto.pl\/wp-content\/uploads\/2026\/04\/image-7-150x150.png 150w\" sizes=\"auto, (max-width: 750px) 100vw, 750px\" \/><figcaption class=\"wp-element-caption\"><a href=\"https:\/\/whc.unesco.org\/en\/list\/58\" data-type=\"link\" data-id=\"https:\/\/whc.unesco.org\/en\/list\/58\">https:\/\/whc.unesco.org\/en\/list\/58<\/a><\/figcaption><\/figure>\n\n\n\n<p><strong><mark style=\"background-color:rgba(0, 0, 0, 0);color:#061d85\" class=\"has-inline-color\">Urnes Stave Church to najstarszy zachowany drewniany ko\u015bci\u00f3\u0142 klepkowy w Norwegii, wpisany na list\u0119 UNESCO. <\/mark><\/strong>Powsta\u0142 oko\u0142o XII wieku i wyr\u00f3\u017cnia si\u0119 charakterystyczn\u0105 architektur\u0105 oraz bogatymi, misternie rze\u017abionymi zdobieniami w stylu nordyckim. \u015awi\u0105tynia \u0142\u0105czy elementy sztuki wiking\u00f3w z wczesnym chrze\u015bcija\u0144stwem, co czyni j\u0105 wyj\u0105tkowym zabytkiem kultury skandynawskiej.<\/p>\n<\/div>\n\n\n\n<p class=\"has-text-align-center\"><strong><mark style=\"background-color:#dea4eb;color:#061d85\" class=\"has-inline-color\"><br>&#8211;&gt; R\u00f8ros Mining Town and the Circumference<\/mark><\/strong><\/p>\n\n\n\n<div class=\"wp-block-group is-nowrap is-layout-flex wp-container-core-group-is-layout-6c531013 wp-block-group-is-layout-flex\">\n<p class=\"has-text-align-left\"><strong><mark style=\"background-color:rgba(0, 0, 0, 0);color:#061d85\" class=\"has-inline-color\">R\u00f8ros Mining Town and the Circumference to historyczne miasto g\u00f3rnicze w Norwegii, wpisane na list\u0119 \u015bwiatowego dziedzictwa UNESCO. <\/mark><\/strong>Powsta\u0142o w XVII wieku jako o\u015brodek wydobycia miedzi i zachowa\u0142o unikaln\u0105, drewnian\u0105 zabudow\u0119 oraz industrialny krajobraz. \u201eCircumference\u201d odnosi si\u0119 do rozleg\u0142ego obszaru wok\u00f3\u0142 miasta, kt\u00f3ry obejmowa\u0142 tereny eksploatacji surowc\u00f3w i wspiera\u0142 funkcjonowanie ca\u0142ej spo\u0142eczno\u015bci g\u00f3rniczej.<\/p>\n\n\n\n<figure class=\"wp-block-image alignright size-full is-resized\"><img loading=\"lazy\" decoding=\"async\" width=\"750\" height=\"750\" src=\"https:\/\/ge26.dkonto.pl\/wp-content\/uploads\/2026\/04\/image-8.png\" alt=\"\" class=\"wp-image-536\" style=\"width:240px;height:auto\" srcset=\"https:\/\/ge26.dkonto.pl\/wp-content\/uploads\/2026\/04\/image-8.png 750w, https:\/\/ge26.dkonto.pl\/wp-content\/uploads\/2026\/04\/image-8-300x300.png 300w, https:\/\/ge26.dkonto.pl\/wp-content\/uploads\/2026\/04\/image-8-150x150.png 150w\" sizes=\"auto, (max-width: 750px) 100vw, 750px\" \/><figcaption class=\"wp-element-caption\"><a href=\"https:\/\/whc.unesco.org\/en\/list\/55\/\" data-type=\"link\" data-id=\"https:\/\/whc.unesco.org\/en\/list\/55\/\">https:\/\/whc.unesco.org\/en\/list\/55\/<\/a><\/figcaption><\/figure>\n<\/div>\n\n\n\n<p class=\"has-text-align-center\"><strong>ISLANDIA:<\/strong><\/p>\n\n\n\n<p class=\"has-text-align-center\"><strong><mark style=\"background-color:#bf3351;color:#061d85\" class=\"has-inline-color\">&#8211;&gt; Park Narodowy \u00deingvellir<\/mark><\/strong><\/p>\n\n\n\n<div class=\"wp-block-group is-nowrap is-layout-flex wp-container-core-group-is-layout-6c531013 wp-block-group-is-layout-flex\">\n<figure class=\"wp-block-image alignright size-full is-resized\"><img loading=\"lazy\" decoding=\"async\" width=\"750\" height=\"750\" src=\"https:\/\/ge26.dkonto.pl\/wp-content\/uploads\/2026\/04\/image-9.png\" alt=\"\" class=\"wp-image-540\" style=\"width:248px;height:auto\" srcset=\"https:\/\/ge26.dkonto.pl\/wp-content\/uploads\/2026\/04\/image-9.png 750w, https:\/\/ge26.dkonto.pl\/wp-content\/uploads\/2026\/04\/image-9-300x300.png 300w, https:\/\/ge26.dkonto.pl\/wp-content\/uploads\/2026\/04\/image-9-150x150.png 150w\" sizes=\"auto, (max-width: 750px) 100vw, 750px\" \/><figcaption class=\"wp-element-caption\"><a href=\"https:\/\/whc.unesco.org\/en\/list\/1152\">https:\/\/whc.unesco.org\/en\/list\/1152<\/a><\/figcaption><\/figure>\n\n\n\n<p><strong><mark style=\"background-color:rgba(0, 0, 0, 0);color:#061d85\" class=\"has-inline-color\">\u00deingvellir National Park to jeden z najwa\u017cniejszych park\u00f3w narodowych Islandii, wpisany na list\u0119 UNESCO.<\/mark><\/strong> Jest miejscem historycznym, tu w 930 roku powsta\u0142 najstarszy parlament \u015bwiata, Althing. Park le\u017cy na styku p\u0142yt tektonicznych Ameryki P\u00f3\u0142nocnej i Eurazji, co czyni go wyj\u0105tkowym tak\u017ce pod wzgl\u0119dem geologicznym.<\/p>\n<\/div>\n\n\n\n<p class=\"has-text-align-center\"><br><strong><mark style=\"background-color:#bf3351;color:#061d85\" class=\"has-inline-color\">&#8211;&gt; Surtsey<\/mark><\/strong><\/p>\n\n\n\n<div class=\"wp-block-group is-nowrap is-layout-flex wp-container-core-group-is-layout-6c531013 wp-block-group-is-layout-flex\">\n<p><strong><mark style=\"background-color:rgba(0, 0, 0, 0);color:#061d85\" class=\"has-inline-color\">Surtsey to wulkaniczna wyspa u wybrze\u017cy Islandii, kt\u00f3ra powsta\u0142a w wyniku erupcji podmorskiej w latach 1963\u20131967. <\/mark><\/strong>Jest jednym z najlepiej zbadanych przyk\u0142ad\u00f3w formowania si\u0119 nowej ziemi i naturalnej kolonizacji przez ro\u015bliny oraz zwierz\u0119ta. Ze wzgl\u0119du na swoj\u0105 unikaln\u0105 warto\u015b\u0107 naukow\u0105 wyspa jest \u015bci\u015ble chroniona i dost\u0119pna jedynie dla badaczy.<\/p>\n\n\n\n<figure class=\"wp-block-image size-full is-resized\"><img loading=\"lazy\" decoding=\"async\" width=\"750\" height=\"750\" src=\"https:\/\/ge26.dkonto.pl\/wp-content\/uploads\/2026\/04\/image-10.png\" alt=\"\" class=\"wp-image-541\" style=\"width:242px;height:auto\" srcset=\"https:\/\/ge26.dkonto.pl\/wp-content\/uploads\/2026\/04\/image-10.png 750w, https:\/\/ge26.dkonto.pl\/wp-content\/uploads\/2026\/04\/image-10-300x300.png 300w, https:\/\/ge26.dkonto.pl\/wp-content\/uploads\/2026\/04\/image-10-150x150.png 150w\" sizes=\"auto, (max-width: 750px) 100vw, 750px\" \/><figcaption class=\"wp-element-caption\"><a href=\"https:\/\/whc.unesco.org\/en\/list\/1267\" data-type=\"link\" data-id=\"https:\/\/whc.unesco.org\/en\/list\/1267\">https:\/\/whc.unesco.org\/en\/list\/1267<\/a><\/figcaption><\/figure>\n<\/div>\n\n\n\n<p class=\"has-text-align-center\"><\/p>\n\n\n\n<p class=\"has-text-align-center\"><br><strong><mark style=\"background-color:#bf3351;color:#061d85\" class=\"has-inline-color\">&#8211;&gt; Park Narodowy Vatnaj\u00f6kull <\/mark><\/strong><\/p>\n\n\n\n<div class=\"wp-block-group is-nowrap is-layout-flex wp-container-core-group-is-layout-6c531013 wp-block-group-is-layout-flex\">\n<figure class=\"wp-block-image size-full is-resized\"><img loading=\"lazy\" decoding=\"async\" width=\"750\" height=\"750\" src=\"https:\/\/ge26.dkonto.pl\/wp-content\/uploads\/2026\/04\/image-11.png\" alt=\"\" class=\"wp-image-542\" style=\"width:230px;height:auto\" srcset=\"https:\/\/ge26.dkonto.pl\/wp-content\/uploads\/2026\/04\/image-11.png 750w, https:\/\/ge26.dkonto.pl\/wp-content\/uploads\/2026\/04\/image-11-300x300.png 300w, https:\/\/ge26.dkonto.pl\/wp-content\/uploads\/2026\/04\/image-11-150x150.png 150w\" sizes=\"auto, (max-width: 750px) 100vw, 750px\" \/><figcaption class=\"wp-element-caption\"><a href=\"https:\/\/whc.unesco.org\/en\/list\/1604\">https:\/\/whc.unesco.org\/en\/list\/1604<\/a><\/figcaption><\/figure>\n\n\n\n<p class=\"has-text-align-left\"><strong><mark style=\"background-color:rgba(0, 0, 0, 0);color:#061d85\" class=\"has-inline-color\">Vatnaj\u00f6kull National Park to najwi\u0119kszy park narodowy Islandii i jeden z najwi\u0119kszych w Europie, obejmuj\u0105cy lodowiec Vatnaj\u00f6kull oraz otaczaj\u0105ce go wulkany i rzeki lodowcowe.<\/mark><\/strong> Park s\u0142ynie z imponuj\u0105cych krajobraz\u00f3w, w tym lodowych jaski\u0144, geotermalnych obszar\u00f3w i g\u0142\u0119bokich kanion\u00f3w. Jest r\u00f3wnie\u017c wa\u017cnym miejscem dla ochrony przyrody i bada\u0144 klimatycznych, przyci\u0105gaj\u0105c naukowc\u00f3w oraz turyst\u00f3w z ca\u0142ego \u015bwiata.<\/p>\n<\/div>\n\n\n\n<p class=\"has-text-align-center\"><strong>FINLANDIA:<\/strong><\/p>\n\n\n\n<p class=\"has-text-align-center\"><strong><mark style=\"background-color:#53e380;color:#061d85\" class=\"has-inline-color\">&#8211;&gt; Fortress of Suomenlinna<\/mark><\/strong><\/p>\n\n\n\n<div class=\"wp-block-group is-nowrap is-layout-flex wp-container-core-group-is-layout-6c531013 wp-block-group-is-layout-flex\">\n<p class=\"has-text-align-center\"><strong><mark style=\"background-color:rgba(0, 0, 0, 0);color:#061d85\" class=\"has-inline-color\">Suomenlinna Fortress to XVIII-wieczna twierdza morska po\u0142o\u017cona na archipelagu u wybrze\u017cy Helsinek, wpisana na list\u0119 UNESCO. <\/mark><\/strong>Zbudowana przez Szwed\u00f3w w celu obrony przed Rosj\u0105, stanowi przyk\u0142ad klasycznej architektury militarnej z fosami, bastionami i fortyfikacjami. Obecnie jest popularnym miejscem turystycznym, oferuj\u0105cym muzealne ekspozycje, spacery po murach i wydarzenia kulturalne.<\/p>\n\n\n\n<figure class=\"wp-block-image size-full is-resized\"><img loading=\"lazy\" decoding=\"async\" width=\"750\" height=\"750\" src=\"https:\/\/ge26.dkonto.pl\/wp-content\/uploads\/2026\/04\/image-12.png\" alt=\"\" class=\"wp-image-544\" style=\"width:231px;height:auto\" srcset=\"https:\/\/ge26.dkonto.pl\/wp-content\/uploads\/2026\/04\/image-12.png 750w, https:\/\/ge26.dkonto.pl\/wp-content\/uploads\/2026\/04\/image-12-300x300.png 300w, https:\/\/ge26.dkonto.pl\/wp-content\/uploads\/2026\/04\/image-12-150x150.png 150w\" sizes=\"auto, (max-width: 750px) 100vw, 750px\" \/><figcaption class=\"wp-element-caption\"><a href=\"https:\/\/whc.unesco.org\/en\/list\/583\">https:\/\/whc.unesco.org\/en\/list\/583<\/a><\/figcaption><\/figure>\n<\/div>\n\n\n\n<p class=\"has-text-align-center\"><br><strong><mark style=\"background-color:#53e380;color:#061d85\" class=\"has-inline-color\">&#8211;&gt; Old Rauma<\/mark><\/strong><\/p>\n\n\n\n<div class=\"wp-block-group is-nowrap is-layout-flex wp-container-core-group-is-layout-6c531013 wp-block-group-is-layout-flex\">\n<figure class=\"wp-block-image size-full is-resized\"><img loading=\"lazy\" decoding=\"async\" width=\"750\" height=\"750\" src=\"https:\/\/ge26.dkonto.pl\/wp-content\/uploads\/2026\/04\/image-13.png\" alt=\"\" class=\"wp-image-545\" style=\"width:257px;height:auto\" srcset=\"https:\/\/ge26.dkonto.pl\/wp-content\/uploads\/2026\/04\/image-13.png 750w, https:\/\/ge26.dkonto.pl\/wp-content\/uploads\/2026\/04\/image-13-300x300.png 300w, https:\/\/ge26.dkonto.pl\/wp-content\/uploads\/2026\/04\/image-13-150x150.png 150w\" sizes=\"auto, (max-width: 750px) 100vw, 750px\" \/><figcaption class=\"wp-element-caption\"><a href=\"https:\/\/whc.unesco.org\/en\/list\/582\/\" data-type=\"link\" data-id=\"https:\/\/whc.unesco.org\/en\/list\/582\/\">https:\/\/whc.unesco.org\/en\/list\/582\/<\/a><\/figcaption><\/figure>\n\n\n\n<p><strong><mark style=\"background-color:rgba(0, 0, 0, 0);color:#061d85\" class=\"has-inline-color\">Old Rauma to historyczna dzielnica fi\u0144skiego miasta Rauma, wpisana na list\u0119 UNESCO, znana z najlepiej zachowanej w Europie p\u00f3\u0142nocnej zabudowy drewnianej. <\/mark><\/strong>Ulice i domy pochodz\u0105 g\u0142\u00f3wnie z XVIII i XIX wieku, zachowuj\u0105c tradycyjn\u0105 architektur\u0119 miejsk\u0105 i uk\u0142ad urbanistyczny. Obszar ten jest r\u00f3wnie\u017c centrum \u017cycia kulturalnego, z warsztatami rzemie\u015blniczymi, sklepami i lokalnymi festiwalami.<\/p>\n<\/div>\n\n\n\n<p class=\"has-text-align-center\"><strong><mark style=\"background-color:rgba(0, 0, 0, 0);color:#061d85\" class=\"has-inline-color\"><br><\/mark><mark style=\"background-color:#53e380;color:#061d85\" class=\"has-inline-color\">&#8211;&gt; Pet\u00e4j\u00e4vesi Old Church<\/mark><\/strong><\/p>\n\n\n\n<div class=\"wp-block-group is-nowrap is-layout-flex wp-container-core-group-is-layout-6c531013 wp-block-group-is-layout-flex\">\n<p class=\"has-text-align-center\"><strong><mark style=\"background-color:rgba(0, 0, 0, 0);color:#061d85\" class=\"has-inline-color\">Pet\u00e4j\u00e4vesi Old Church to drewniany ko\u015bci\u00f3\u0142 lutera\u0144ski z XVIII wieku, wpisany na list\u0119 UNESCO, b\u0119d\u0105cy doskona\u0142ym przyk\u0142adem nordyckiej architektury sakralnej. <\/mark><\/strong>Budowla \u0142\u0105czy tradycyjne techniki stolarskie z prostot\u0105 i harmoni\u0105 stylu barokowego. Ko\u015bci\u00f3\u0142 zachowa\u0142 oryginalne wn\u0119trze i otoczenie, co czyni go wyj\u0105tkowym zabytkiem kultury fi\u0144skiej.<\/p>\n\n\n\n<figure class=\"wp-block-image size-full is-resized\"><img loading=\"lazy\" decoding=\"async\" width=\"750\" height=\"750\" src=\"https:\/\/ge26.dkonto.pl\/wp-content\/uploads\/2026\/04\/image-15.png\" alt=\"\" class=\"wp-image-547\" style=\"width:241px;height:auto\" srcset=\"https:\/\/ge26.dkonto.pl\/wp-content\/uploads\/2026\/04\/image-15.png 750w, https:\/\/ge26.dkonto.pl\/wp-content\/uploads\/2026\/04\/image-15-300x300.png 300w, https:\/\/ge26.dkonto.pl\/wp-content\/uploads\/2026\/04\/image-15-150x150.png 150w\" sizes=\"auto, (max-width: 750px) 100vw, 750px\" \/><figcaption class=\"wp-element-caption\"><a href=\"https:\/\/whc.unesco.org\/en\/list\/584\/\">https:\/\/whc.unesco.org\/en\/list\/584\/<\/a><\/figcaption><\/figure>\n<\/div>\n\n\n\n<p class=\"has-text-align-center\"><strong>SZWECJA:<\/strong><\/p>\n\n\n\n<p class=\"has-text-align-center\"><strong><mark style=\"background-color:rgba(0, 0, 0, 0);color:#061d85\" class=\"has-inline-color\">&#8211;<\/mark><mark style=\"background-color:#f4d000;color:#061d85\" class=\"has-inline-color\">-&gt; Royal Domain of Drottningholm<\/mark><\/strong><\/p>\n\n\n\n<p class=\"has-text-align-center\"><\/p>\n\n\n\n<div class=\"wp-block-group is-nowrap is-layout-flex wp-container-core-group-is-layout-6c531013 wp-block-group-is-layout-flex\">\n<figure class=\"wp-block-image size-full is-resized\"><img loading=\"lazy\" decoding=\"async\" width=\"750\" height=\"750\" src=\"https:\/\/ge26.dkonto.pl\/wp-content\/uploads\/2026\/04\/image-16.png\" alt=\"\" class=\"wp-image-548\" style=\"width:226px;height:auto\" srcset=\"https:\/\/ge26.dkonto.pl\/wp-content\/uploads\/2026\/04\/image-16.png 750w, https:\/\/ge26.dkonto.pl\/wp-content\/uploads\/2026\/04\/image-16-300x300.png 300w, https:\/\/ge26.dkonto.pl\/wp-content\/uploads\/2026\/04\/image-16-150x150.png 150w\" sizes=\"auto, (max-width: 750px) 100vw, 750px\" \/><figcaption class=\"wp-element-caption\"><a href=\"https:\/\/whc.unesco.org\/en\/list\/559\">https:\/\/whc.unesco.org\/en\/list\/559<\/a><\/figcaption><\/figure>\n\n\n\n<p class=\"has-text-align-center\"><strong><mark style=\"background-color:rgba(0, 0, 0, 0);color:#061d85\" class=\"has-inline-color\">Royal Domain of Drottningholm to kompleks pa\u0142acowo-parkowy po\u0142o\u017cony pod Sztokholmem, wpisany na list\u0119 UNESCO. <\/mark><\/strong>Obejmuje pa\u0142ac kr\u00f3lewski z XVIII wieku, teatr dworski oraz rozleg\u0142e ogrody w stylu francuskim i angielskim. Jest oficjaln\u0105 rezydencj\u0105 szwedzkiej rodziny kr\u00f3lewskiej i jednym z najlepiej zachowanych przyk\u0142ad\u00f3w kr\u00f3lewskich rezydencji w Europie.<br><\/p>\n<\/div>\n\n\n\n<p class=\"has-text-align-center\"><strong><mark style=\"background-color:#f4d000;color:#061d85\" class=\"has-inline-color\">&#8211;&gt; Birka and Hovg\u00e5rden<\/mark><\/strong><\/p>\n\n\n\n<div class=\"wp-block-group is-nowrap is-layout-flex wp-container-core-group-is-layout-6c531013 wp-block-group-is-layout-flex\">\n<p><strong><mark style=\"background-color:rgba(0, 0, 0, 0);color:#061d85\" class=\"has-inline-color\">Birka and Hovg\u00e5rden to stanowiska archeologiczne na wyspach w pobli\u017cu Sztokholmu, wpisane na list\u0119 UNESCO, kt\u00f3re by\u0142y wa\u017cnymi o\u015brodkami handlowymi i osadniczymi w epoce wiking\u00f3w.<\/mark><\/strong> Birka s\u0142yn\u0119\u0142a jako jeden z pierwszych skandynawskich port\u00f3w handlowych, natomiast Hovg\u00e5rden pe\u0142ni\u0142o funkcj\u0119 osady kr\u00f3lewskiej i centrum administracyjnego. Obszar jest cenny dla bada\u0144 nad wczesno\u015bredniowieczn\u0105 kultur\u0105 nordyck\u0105 i handlem w Europie P\u00f3\u0142nocnej.<\/p>\n\n\n\n<figure class=\"wp-block-image size-full is-resized\"><img loading=\"lazy\" decoding=\"async\" width=\"750\" height=\"750\" src=\"https:\/\/ge26.dkonto.pl\/wp-content\/uploads\/2026\/04\/image-17.png\" alt=\"\" class=\"wp-image-550\" style=\"width:262px;height:auto\" srcset=\"https:\/\/ge26.dkonto.pl\/wp-content\/uploads\/2026\/04\/image-17.png 750w, https:\/\/ge26.dkonto.pl\/wp-content\/uploads\/2026\/04\/image-17-300x300.png 300w, https:\/\/ge26.dkonto.pl\/wp-content\/uploads\/2026\/04\/image-17-150x150.png 150w\" sizes=\"auto, (max-width: 750px) 100vw, 750px\" \/><figcaption class=\"wp-element-caption\"><a href=\"https:\/\/whc.unesco.org\/en\/list\/555\">https:\/\/whc.unesco.org\/en\/list\/555<\/a><\/figcaption><\/figure>\n\n\n\n<p><\/p>\n\n\n\n<p><\/p>\n<\/div>\n\n\n\n<p class=\"has-text-align-center\"><br><strong><mark style=\"background-color:#f4d000;color:#061d85\" class=\"has-inline-color\">&#8211;&gt; Engelsberg Ironworks<\/mark><\/strong><\/p>\n\n\n\n<div class=\"wp-block-group is-nowrap is-layout-flex wp-container-core-group-is-layout-6c531013 wp-block-group-is-layout-flex\">\n<figure class=\"wp-block-image size-full is-resized\"><img loading=\"lazy\" decoding=\"async\" width=\"750\" height=\"750\" src=\"https:\/\/ge26.dkonto.pl\/wp-content\/uploads\/2026\/04\/image-18.png\" alt=\"\" class=\"wp-image-552\" style=\"width:252px;height:auto\" srcset=\"https:\/\/ge26.dkonto.pl\/wp-content\/uploads\/2026\/04\/image-18.png 750w, https:\/\/ge26.dkonto.pl\/wp-content\/uploads\/2026\/04\/image-18-300x300.png 300w, https:\/\/ge26.dkonto.pl\/wp-content\/uploads\/2026\/04\/image-18-150x150.png 150w\" sizes=\"auto, (max-width: 750px) 100vw, 750px\" \/><figcaption class=\"wp-element-caption\"><a href=\"https:\/\/whc.unesco.org\/en\/list\/556\" data-type=\"link\" data-id=\"https:\/\/whc.unesco.org\/en\/list\/556\">https:\/\/whc.unesco.org\/en\/list\/556<\/a><\/figcaption><\/figure>\n\n\n\n<p class=\"has-text-align-center\"><strong><mark style=\"background-color:rgba(0, 0, 0, 0);color:#061d85\" class=\"has-inline-color\">Engelsberg Ironworks to zabytkowy kompleks hutniczy z XVII wieku, wpisany na list\u0119 UNESCO, b\u0119d\u0105cy jednym z najlepiej zachowanych przyk\u0142ad\u00f3w przemys\u0142u \u017celaznego w Szwecji. <\/mark><\/strong>Zak\u0142ad obejmuje piece hutnicze, warsztaty i rezydencj\u0119 w\u0142a\u015bciciela, pokazuj\u0105c dawn\u0105 technologi\u0119 produkcji \u017celaza. Engelsberg stanowi wa\u017cny \u015bwiadek historii przemys\u0142u oraz rozwoju gospodarki nordyckiej.<\/p>\n<\/div>\n\n\n\n<h2 class=\"wp-block-heading has-text-align-center has-background has-medium-font-size\" style=\"border-top-left-radius:78px;border-top-right-radius:78px;border-bottom-left-radius:78px;border-bottom-right-radius:78px;background:linear-gradient(135deg,rgb(61,171,235) 0%,rgb(43,207,147) 26%,rgb(112,97,171) 62%,rgb(19,217,187) 100%)\"><strong>Statystyka przyjazdowej turystyki zagranicznej<\/strong> <\/h2>\n\n\n\n<div class=\"wp-block-columns is-layout-flex wp-container-core-columns-is-layout-28f84493 wp-block-columns-is-layout-flex\">\n<div class=\"wp-block-column is-layout-flow wp-block-column-is-layout-flow\" style=\"flex-basis:100%\">\n<div class=\"wp-block-group has-global-padding is-layout-constrained wp-block-group-is-layout-constrained\">\n<figure class=\"wp-block-table is-style-stripes has-medium-font-size\"><table class=\"has-background has-fixed-layout\" style=\"background:linear-gradient(135deg,rgb(61,171,235) 0%,rgb(43,207,147) 26%,rgb(112,97,171) 62%,rgb(19,217,187) 100%);border-top-left-radius:78px;border-top-right-radius:78px;border-bottom-left-radius:78px;border-bottom-right-radius:78px\"><tbody><tr><td class=\"has-text-align-center\" data-align=\"center\"><strong><em><mark style=\"background-color:#ffbf00\" class=\"has-inline-color\">KRAJ<\/mark><\/em><\/strong><\/td><td class=\"has-text-align-center\" data-align=\"center\"><strong><em><mark style=\"background-color:#ffbf00\" class=\"has-inline-color\">Liczba <br>przyjazd\u00f3w<br>(2022)<\/mark><\/em><\/strong><\/td><td class=\"has-text-align-center\" data-align=\"center\"><strong><em><mark style=\"background-color:#ffbf00\" class=\"has-inline-color\">Sezon<br>(2022r.)<\/mark><\/em><\/strong><\/td><td class=\"has-text-align-center\" data-align=\"center\"><strong><em><mark style=\"background-color:#ffbf00\" class=\"has-inline-color\">Wp\u0142ywy z turystyki (bilion, 2022r.)<\/mark><\/em><\/strong><\/td><td class=\"has-text-align-center\" data-align=\"center\"><strong><em><mark style=\"background-color:#ffbf00\" class=\"has-inline-color\">Udzia\u0142 w PKB<\/mark><\/em><\/strong><\/td><\/tr><tr><td class=\"has-text-align-center\" data-align=\"center\"><strong><em><mark style=\"background-color:#ffbf00;color:#2919cc\" class=\"has-inline-color\">DANIA<\/mark><\/em><\/strong><\/td><td class=\"has-text-align-center\" data-align=\"center\"><strong><mark style=\"background-color:rgba(0, 0, 0, 0);color:#2919cc\" class=\"has-inline-color\">14,2 mln<\/mark><\/strong><\/td><td class=\"has-text-align-center\" data-align=\"center\"><strong><mark style=\"background-color:rgba(0, 0, 0, 0);color:#2919cc\" class=\"has-inline-color\">lipiec- sierpie\u0144<\/mark><\/strong><\/td><td class=\"has-text-align-center\" data-align=\"center\"><mark style=\"background-color:rgba(0, 0, 0, 0);color:#2919cc\" class=\"has-inline-color\"><strong>8,5 USD<\/strong><\/mark><\/td><td class=\"has-text-align-center\" data-align=\"center\"><strong><mark style=\"background-color:rgba(0, 0, 0, 0);color:#2919cc\" class=\"has-inline-color\">1,6%<\/mark><br><mark style=\"background-color:rgba(0, 0, 0, 0);color:#2919cc\" class=\"has-inline-color\">(2020)<\/mark><\/strong><\/td><\/tr><tr><td class=\"has-text-align-center\" data-align=\"center\"><strong><mark style=\"background-color:#ffbf00;color:#a90090\" class=\"has-inline-color\">NORWEGIA<\/mark><\/strong><\/td><td class=\"has-text-align-center\" data-align=\"center\"><strong><mark style=\"background-color:rgba(0, 0, 0, 0);color:#a90090\" class=\"has-inline-color\">5,0 mln<\/mark><\/strong><\/td><td class=\"has-text-align-center\" data-align=\"center\"><strong><mark style=\"background-color:rgba(0, 0, 0, 0);color:#a90090\" class=\"has-inline-color\">czerwiec-sierpie\u0144<\/mark><\/strong><\/td><td class=\"has-text-align-center\" data-align=\"center\"><strong><mark style=\"background-color:rgba(0, 0, 0, 0);color:#a90090\" class=\"has-inline-color\">5,7 USD<\/mark><\/strong><\/td><td class=\"has-text-align-center\" data-align=\"center\"><mark style=\"background-color:rgba(0, 0, 0, 0);color:#a90090\" class=\"has-inline-color\"><strong>3,6%<br>(2019)<\/strong><\/mark><\/td><\/tr><tr><td class=\"has-text-align-center\" data-align=\"center\"><strong><mark style=\"background-color:#ffbf00\" class=\"has-inline-color\">ISLANDIA<\/mark><\/strong><\/td><td class=\"has-text-align-center\" data-align=\"center\"><strong>1,7 mln<\/strong><\/td><td class=\"has-text-align-center\" data-align=\"center\"><strong>czerwiec- wrzesie\u0144<\/strong><\/td><td class=\"has-text-align-center\" data-align=\"center\"><strong>2,5 USD<\/strong><\/td><td class=\"has-text-align-center\" data-align=\"center\"><strong>3,9%<br>(2020)<\/strong><\/td><\/tr><tr><td class=\"has-text-align-center\" data-align=\"center\"><strong><mark style=\"background-color:#ffbf00;color:#d50000\" class=\"has-inline-color\">FINLANDIA<\/mark><\/strong><\/td><td class=\"has-text-align-center\" data-align=\"center\"><strong><mark style=\"background-color:rgba(0, 0, 0, 0);color:#d50000\" class=\"has-inline-color\">2,1 mln<\/mark><\/strong><\/td><td class=\"has-text-align-center\" data-align=\"center\"><strong><mark style=\"background-color:rgba(0, 0, 0, 0);color:#d50000\" class=\"has-inline-color\">lipiec-sierpie\u0144 i grudzie\u0144<\/mark><\/strong><\/td><td class=\"has-text-align-center\" data-align=\"center\"><mark style=\"background-color:rgba(0, 0, 0, 0);color:#d50000\" class=\"has-inline-color\"><strong>4,4 USD<\/strong><\/mark><\/td><td class=\"has-text-align-center\" data-align=\"center\"><strong><mark style=\"background-color:rgba(0, 0, 0, 0);color:#d50000\" class=\"has-inline-color\">1,7%<br>(2020)<\/mark><\/strong><\/td><\/tr><tr><td class=\"has-text-align-center\" data-align=\"center\"><strong><mark style=\"background-color:#ffbf00\" class=\"has-inline-color\">SZWECJA<\/mark><\/strong><\/td><td class=\"has-text-align-center\" data-align=\"center\"><strong><mark style=\"background-color:rgba(0, 0, 0, 0);color:#044c00\" class=\"has-inline-color\">6,6 mln<\/mark><\/strong><\/td><td class=\"has-text-align-center\" data-align=\"center\"><strong><mark style=\"background-color:rgba(0, 0, 0, 0);color:#044c00\" class=\"has-inline-color\">czerwiec-sierpie\u0144<\/mark><\/strong><\/td><td class=\"has-text-align-center\" data-align=\"center\"><strong><mark style=\"background-color:rgba(0, 0, 0, 0);color:#044c00\" class=\"has-inline-color\">9,0 USD<\/mark><\/strong><\/td><td class=\"has-text-align-center\" data-align=\"center\"><strong><mark style=\"background-color:rgba(0, 0, 0, 0);color:#044c00\" class=\"has-inline-color\">1,9%<br>(2021)<\/mark><\/strong><\/td><\/tr><\/tbody><\/table><\/figure>\n<\/div>\n<\/div>\n\n\n\n<div class=\"wp-block-column is-layout-flow wp-block-column-is-layout-flow\"><\/div>\n<\/div>\n\n\n\n<h6 class=\"wp-block-heading has-text-align-center has-background has-medium-font-size\" style=\"border-top-left-radius:78px;border-top-right-radius:78px;border-bottom-left-radius:78px;border-bottom-right-radius:78px;background:linear-gradient(135deg,rgb(61,171,235) 0%,rgb(43,207,147) 26%,rgb(112,97,171) 62%,rgb(19,217,187) 100%)\"><strong><em><mark style=\"background-color:#ffbf00\" class=\"has-inline-color\">INFORMACJE MSZ DLA TURYST\u00d3W<\/mark><\/em><\/strong><\/h6>\n\n\n\n<p class=\"has-text-align-center\"><strong><em><mark style=\"background-color:#ffbf00\" class=\"has-inline-color\">DANIA<\/mark><\/em><\/strong><\/p>\n\n\n\n<p class=\"has-text-align-center\"><strong>Wjazd i dokumenty<\/strong><\/p>\n\n\n\n<p><mark style=\"background-color:rgba(0, 0, 0, 0);color:#061d85\" class=\"has-inline-color\"><strong>&#8211;> Paszport lub dow\u00f3d osobisty, wystarczaj\u0105ce do wjazdu. <\/strong><\/mark>Dow\u00f3d musi by\u0107 wa\u017cny na czas pobytu, nie ma wymogu 3\u2011miesi\u0119cznej wa\u017cno\u015bci.                      <mark style=\"background-color:rgba(0, 0, 0, 0);color:#061d85\" class=\"has-inline-color\">&#8211;><strong>Wiza nie jest wymagana<\/strong> <\/mark>dla obywateli polskich. Zaleca si\u0119 posiadanie np. <strong><mark style=\"background-color:rgba(0, 0, 0, 0);color:#061d85\" class=\"has-inline-color\">pisemnej zgody rodzica, je\u015bli dziecko podr\u00f3\u017cuje z osob\u0105 trzeci\u0105<\/mark><\/strong> (chocia\u017c nie jest to obowi\u0105zek prawny)<\/p>\n\n\n\n<p class=\"has-text-align-center\"><strong>Warunki pobytu:<\/strong><\/p>\n\n\n\n<p><strong><mark style=\"background-color:rgba(0, 0, 0, 0);color:#061d85\" class=\"has-inline-color\">&#8211;> Pobyt turystyczny maksymalnie do 3 miesi\u0119cy. <\/mark><\/strong>(Przy pobytach powy\u017cej 3 miesi\u0119cy obowi\u0105zek rejestracji pobytu.)<br><strong><mark style=\"background-color:rgba(0, 0, 0, 0);color:#061d85\" class=\"has-inline-color\">&#8211;> Polskie prawo jazdy jest honorowane;<\/mark> <\/strong>obowi\u0105zkowe pasy i foteliki dla dzieci; trzeba przestrzega\u0107 lokalnych przepis\u00f3w ruchu drogowego.<br><strong><mark style=\"background-color:rgba(0, 0, 0, 0);color:#061d85\" class=\"has-inline-color\">&#8211;> Du\u017ce ograniczenia dot. wwozu lek\u00f3w, przywo\u017cone ilo\u015bci musz\u0105 by\u0107 udokumentowane za\u015bwiadczeniem\/ recept\u0105.<br>&#8211;> W Danii istniej\u0105 zakazy posiadania niekt\u00f3rych narz\u0119dzi\/bronio podobnych (np. no\u017ce, gaz) zar\u00f3wno posiadanie, jak i przew\u00f3z jest zabroniony<\/mark><\/strong><\/p>\n\n\n\n<p class=\"has-text-align-center\"><strong>C\u0142o\/przew\u00f3z towar\u00f3w<\/strong><\/p>\n\n\n\n<p class=\"has-text-align-left\">&#8211;> Dla towar\u00f3w z UE (np. alkoholu, tytoniu)<strong><mark style=\"background-color:rgba(0, 0, 0, 0);color:#000000\" class=\"has-inline-color\"> <\/mark><mark style=\"background-color:rgba(0, 0, 0, 0);color:#061d85\" class=\"has-inline-color\">obowi\u0105zuj\u0105 limity bezc\u0142owe<\/mark><\/strong>, np. 10\u202fl alkoholu mocnego, 90\u202fl wina, 110\u202fl piwa (i inne limity dla wyrob\u00f3w tytoniowych).<br>&#8211;> Towary przewo\u017cone przez podr\u00f3\u017cnych musz\u0105 by\u0107 na u\u017cytek osobisty, a nie do sprzeda\u017cy.<\/p>\n\n\n\n<p class=\"has-text-align-center\"><strong><em><mark style=\"background-color:#ffbf00\" class=\"has-inline-color\">NORWEGIA<\/mark><\/em><\/strong><\/p>\n\n\n\n<p class=\"has-text-align-center\"><strong>Wjazd i dokumenty<\/strong><\/p>\n\n\n\n<p class=\"has-text-align-left\"><strong><mark style=\"background-color:rgba(0, 0, 0, 0);color:#061d85\" class=\"has-inline-color\">&#8211;> Polacy mog\u0105 wjecha\u0107 z paszportem lub dowodem osobistym wa\u017cnym w czasie pobytu.<\/mark><\/strong><br><strong><mark style=\"background-color:rgba(0, 0, 0, 0);color:#061d85\" class=\"has-inline-color\">&#8211;> Wiza nie jest wymagana,<\/mark><\/strong> nie ma minimalnej dodatkowej wa\u017cno\u015bci dokumentu.<br><strong><mark style=\"background-color:rgba(0, 0, 0, 0);color:#061d85\" class=\"has-inline-color\">&#8211;> Je\u015bli planujesz pobyt powy\u017cej 3 miesi\u0119cy, konieczna jest rejestracja pobytu w Norwegii. <\/mark><\/strong>(Na Svalbard wjazd mo\u017cliwy tylko z paszportem.)<\/p>\n\n\n\n<p class=\"has-text-align-center\"><strong>Inne wymagania<\/strong><\/p>\n\n\n\n<p class=\"has-text-align-left\"><strong><mark style=\"background-color:rgba(0, 0, 0, 0);color:#061d85\" class=\"has-inline-color\">&#8211;> Osoby z nieuregulowanymi zakazami wjazdu lub zaleg\u0142o\u015bciami w Norwegii mog\u0105 zosta\u0107 zatrzymane\/odm\u00f3wione wjazdu.<\/mark><\/strong><br>&#8211;> Norwegia nie jest w pe\u0142ni w unii celnej UE, wi\u0119c niekt\u00f3re przepisy celne i inne zasady si\u0119 r\u00f3\u017cni\u0105.<\/p>\n\n\n\n<p class=\"has-text-align-center\"><strong>C\u0142o\/przew\u00f3z towar\u00f3w<\/strong><\/p>\n\n\n\n<p class=\"has-text-align-left\"><strong><mark style=\"background-color:rgba(0, 0, 0, 0);color:#061d85\" class=\"has-inline-color\">&#8211;> Istniej\u0105 jasne limity warto\u015bci towar\u00f3w <\/mark><\/strong>(np. do 6\u202f000\u202fNOK przy pobycie >24\u202fh), alkoholu, tytoniu i produkt\u00f3w spo\u017cywczych do u\u017cytku osobistego.<br><strong><mark style=\"background-color:rgba(0, 0, 0, 0);color:#061d85\" class=\"has-inline-color\">&#8211;> Przyje\u017cd\u017caj\u0105c z produktami spoza UE\/EOG obowi\u0105zuj\u0105 ograniczenia dla mi\u0119sa\/produkt\u00f3w mlecznych.<br>&#8211;> Nowe przepisy dot. turystycznych po\u0142ow\u00f3w ryb obowi\u0105zuj\u0105 od 1 sierpnia 2025 r. i wymagaj\u0105 raportowania za\u0142ow\u00f3w.<\/mark><\/strong><\/p>\n\n\n\n<p class=\"has-text-align-center\"><em><strong><mark style=\"background-color:#ffbf00\" class=\"has-inline-color\">FINLANDIA<\/mark><\/strong><\/em><\/p>\n\n\n\n<p class=\"has-text-align-center\"><strong>Wjazd i dokumenty<\/strong><\/p>\n\n\n\n<p class=\"has-text-align-left\"><mark style=\"background-color:rgba(0, 0, 0, 0);color:#061d85\" class=\"has-inline-color\"><strong>&#8211;> Do Finlandii mo\u017cna wjecha\u0107 na wa\u017cnym paszporcie lub dowodzie osobistym<\/strong><\/mark> (bez dodatkowych warunk\u00f3w wa\u017cno\u015bci).                                           <strong><mark style=\"background-color:rgba(0, 0, 0, 0);color:#061d85\" class=\"has-inline-color\">&#8211;> Wiza nie jest potrzebna dla obywateli polskich.<\/mark><\/strong> (Nie ma obowi\u0105zku rejestracji pobytu przez 3 miesi\u0105ce.)<br><strong><mark style=\"background-color:rgba(0, 0, 0, 0);color:#061d85\" class=\"has-inline-color\">D\u0142u\u017cszy pobyt (>3 miesi\u0119cy) wymaga rejestracji zgodnie z lokalnymi przepisami imigracyjnymi<\/mark><\/strong><\/p>\n\n\n\n<p class=\"has-text-align-center\"><strong>Transport<\/strong><\/p>\n\n\n\n<p class=\"has-text-align-left\"><strong><mark style=\"background-color:rgba(0, 0, 0, 0);color:#061d85\" class=\"has-inline-color\">&#8211;> Ubezpieczenie OC z Polski jest wa\u017cne w Finlandi<\/mark><\/strong>i, ale mo\u017cesz rozwa\u017cy\u0107 dodatkowe ubezpieczenia (np. assistance\/NNW) ze wzgl\u0119du na koszty us\u0142ug holowniczych\/naprawczych w Skandynawii<\/p>\n\n\n\n<p class=\"has-text-align-center\"><strong>C\u0142o\/przew\u00f3z towar\u00f3w<\/strong><\/p>\n\n\n\n<p><strong><mark style=\"background-color:rgba(0, 0, 0, 0);color:#061d85\" class=\"has-inline-color\">&#8211;> Wewn\u0105trz UE nie ma granic celnych, mo\u017cesz przewozi\u0107 towary do u\u017cytku osobistego w ograniczonych ilo\u015bciach<\/mark><\/strong> (napoje alkoholowe, tyto\u0144) w obowi\u0105zuj\u0105cych ramach UE<\/p>\n\n\n\n<p class=\"has-text-align-center\"><strong><em><mark style=\"background-color:#ffbf00\" class=\"has-inline-color\">SZWECJA<\/mark><\/em><\/strong><\/p>\n\n\n\n<p class=\"has-text-align-center\"><strong>Wjazd i dokumenty<\/strong><\/p>\n\n\n\n<p class=\"has-text-align-left\"><strong><mark style=\"background-color:rgba(0, 0, 0, 0);color:#061d85\" class=\"has-inline-color\">&#8211;> Mo\u017cna wjecha\u0107 na paszport lub dow\u00f3d osobisty, <\/mark><\/strong>wiz nie wymaga dla Polak\u00f3w. Nie ma dodatkowych ogranicze\u0144 wjazdu w zwi\u0105zku z COVID\u201119.<\/p>\n\n\n\n<p class=\"has-text-align-center\"><strong>C\u0142o\/przew\u00f3z towar\u00f3w<\/strong><\/p>\n\n\n\n<p><strong><mark style=\"background-color:rgba(0, 0, 0, 0);color:#061d85\" class=\"has-inline-color\">&#8211;> Przy wje\u017adzie z UE nie p\u0142acisz c\u0142a za rzeczy osobiste, <\/mark><\/strong>ale obowi\u0105zuj\u0105 pewne ograniczenia np. przy przewozie alkoholu i tytoniu itp.<br><strong><mark style=\"background-color:rgba(0, 0, 0, 0);color:#061d85\" class=\"has-inline-color\">&#8211;> Je\u015bli przewozisz got\u00f3wk\u0119 powy\u017cej 10\u202f000\u202fEUR, musisz to zadeklarowa\u0107.<\/mark><\/strong><\/p>\n\n\n\n<p class=\"has-text-align-center\"><strong><em><mark style=\"background-color:#ffbf00\" class=\"has-inline-color\">ISLANDIA<\/mark><\/em><\/strong><\/p>\n\n\n\n<p class=\"has-text-align-center\"><strong>Wjazd i dokumenty<\/strong><\/p>\n\n\n\n<p><strong><mark style=\"background-color:rgba(0, 0, 0, 0);color:#061d85\" class=\"has-inline-color\">&#8211;> Do Islandii mo\u017cesz wjecha\u0107 z paszportem lub dowodem osobistym <\/mark><\/strong>(dow\u00f3d wa\u017cny na czas pobytu).<br><strong><mark style=\"background-color:rgba(0, 0, 0, 0);color:#061d85\" class=\"has-inline-color\">&#8211;> Wizy nie ma, <\/mark><\/strong>a COVID\u201119 nie powoduje dodatkowych wymog\u00f3w wjazdowych.<br><strong><mark style=\"background-color:rgba(0, 0, 0, 0);color:#061d85\" class=\"has-inline-color\">&#8211;> D\u0142u\u017csze pobyty (>6 miesi\u0119cy) wymagaj\u0105 formalnej rejestracji\/tytu\u0142u pobytowego.<\/mark><\/strong><\/p>\n\n\n\n<p class=\"has-text-align-center\"><strong>Inne zasady<\/strong><\/p>\n\n\n\n<p><strong><mark style=\"background-color:rgba(0, 0, 0, 0);color:#061d85\" class=\"has-inline-color\">&#8211;> Rygorystyczne przepisy dotycz\u0105 nocowania poza wyznaczonymi miejscami, tzw. nocowanie na dziko jest zasadniczo zakazane bez zgody.<\/mark><\/strong><br><strong><mark style=\"background-color:rgba(0, 0, 0, 0);color:#061d85\" class=\"has-inline-color\">&#8211;> Noszenie no\u017cy o ostrzu >12\u202fcm w miejscu publicznym bez zezwolenia jest traktowane jak posiadanie broni.<\/mark><\/strong><\/p>\n\n\n\n<p class=\"has-text-align-center\"><strong>Ubezpieczenie zdrowotne<\/strong><\/p>\n\n\n\n<p><strong><mark style=\"background-color:rgba(0, 0, 0, 0);color:#061d85\" class=\"has-inline-color\">&#8211;> EKUZ uprawnia do podstawowych us\u0142ug medycznych; <\/mark><\/strong>zalecane jest dodatkowe ubezpieczenie turystyczne. Koszty leczenia bez ubezpieczenia s\u0105 bardzo wysokie<\/p>\n\n\n\n<p class=\"has-text-align-center\"><strong>C\u0142o\/przew\u00f3z towar\u00f3w<\/strong><\/p>\n\n\n\n<p><strong><mark style=\"background-color:rgba(0, 0, 0, 0);color:#061d85\" class=\"has-inline-color\">&#8211;> Islandia ma w\u0142asne zasady celne poza uni\u0105,<\/mark> <\/strong>np. limity alkoholu i wyrob\u00f3w tytoniowych; przywo\u017cone telefony, sprz\u0119t itp. s\u0105 r\u00f3\u017cnie regulowane; <strong><mark style=\"background-color:rgba(0, 0, 0, 0);color:#061d85\" class=\"has-inline-color\">konieczno\u015b\u0107 deklarowania warto\u015bci powy\u017cej 10\u202f000\u202fEUR.<\/mark><\/strong><\/p>\n\n\n\n<p class=\"has-text-align-center has-background has-medium-font-size\" style=\"border-top-left-radius:78px;border-top-right-radius:78px;border-bottom-left-radius:78px;border-bottom-right-radius:78px;background:linear-gradient(135deg,rgb(61,171,235) 0%,rgb(43,207,147) 26%,rgb(112,97,171) 62%,rgb(19,217,187) 100%)\"><strong><mark style=\"background-color:#ffbf00\" class=\"has-inline-color\">Jak naj\u0142atwiej samodzielnie dotrze\u0107 z Polski do kraj\u00f3w nordyckich (Islandia, Norwegia, Dania, Szwecja, Finlandia)<\/mark><\/strong><\/p>\n\n\n\n<ol class=\"wp-block-list\">\n<li><strong><mark style=\"background-color:#ffbf00\" class=\"has-inline-color\">Po\u0142\u0105czenia lotnicze (najwygodniejsza opcja)<\/mark><\/strong><br><strong><mark style=\"background-color:rgba(0, 0, 0, 0);color:#061d85\" class=\"has-inline-color\"><em>Islandia<\/em> &#8211;><\/mark><\/strong> Z Polski s\u0105 bezpo\u015brednie loty do Reykjaviku (Keflav\u00edk) m.in. z Warszawy i innych miast, obs\u0142uguj\u0105 je linie takie jak Wizz Air, LOT Polish Airlines czy Icelandair. Czas lotu to ok.<strong> 4\u20135\u202fh<\/strong>, a ceny bywaj\u0105 r\u00f3\u017cne w zale\u017cno\u015bci od sezonu i daty rezerwacji.<br><strong><mark style=\"background-color:rgba(0, 0, 0, 0);color:#061d85\" class=\"has-inline-color\"><em>Norwegia<\/em> &#8211;> <\/mark><\/strong>Loty z Polski do najwi\u0119kszych miast Norwegii (np. Oslo, Bergen) oferuj\u0105 r\u00f3\u017cne linie (np. LOT, SAS, Norwegian), zwykle lot trwa<strong> 2-3\u202fh.<\/strong> Naj\u0142atwiej znale\u017a\u0107 po\u0142\u0105czenia przez wyszukiwarki typu Skyscanner.<br><strong><mark style=\"background-color:rgba(0, 0, 0, 0);color:#061d85\" class=\"has-inline-color\"><em>Dania<\/em> &#8211;>  <\/mark><\/strong>Do Kopenhagi z Polski lataj\u0105 regularnie linie lotnicze (r\u00f3wnie\u017c low\u2011cost), czas lotu to ok. <strong>1,5\u20132\u202fh.<\/strong><br><strong><mark style=\"background-color:rgba(0, 0, 0, 0);color:#061d85\" class=\"has-inline-color\"><em>Szwecja <\/em>&#8211;><\/mark><\/strong> Loty do Sztokholmu, G\u00f6teborga, Malm\u00f6 s\u0105 dost\u0119pne z Polski z r\u00f3\u017cnymi przewo\u017anikami, lot trwa ok. <strong>1,5\u20132\u202fh.<\/strong><br><strong><mark style=\"background-color:rgba(0, 0, 0, 0);color:#061d85\" class=\"has-inline-color\"><em>Finlandia<\/em> &#8211;><\/mark><\/strong> Bezpo\u015brednie lub z przesiadk\u0105 loty do Helsinek s\u0105 powszechne <strong>(czas ok. 1,5\u20132\u202fh)<\/strong>; wyszukuj\u0105c oferty np. w Skyscanner mo\u017cna znale\u017a\u0107 tanie bilety.<\/li>\n\n\n\n<li><strong><mark style=\"background-color:#ffbf00\" class=\"has-inline-color\">Po\u0142\u0105czenia autobusowe i kolejowe (cz\u0119\u015bciowo mo\u017cliwe)<\/mark><\/strong><br><strong><mark style=\"background-color:rgba(0, 0, 0, 0);color:#061d85\" class=\"has-inline-color\">&#8211;> <em>Autobusy mi\u0119dzynarodowe<\/em> <\/mark><mark style=\"background-color:rgba(0, 0, 0, 0)\" class=\"has-inline-color has-contrast-color\">(<\/mark>FlixBus i inni przewo\u017anicy)<\/strong> \u0142\u0105cz\u0105 <strong>Polsk\u0119 z Dani\u0105, Niemcami i dalej do Szwecji. Do Norwegii zwykle trzeba jecha\u0107 przez Dani\u0119\/Szwecj\u0119 (prom) lub z przesiadkami.<\/strong><br><strong><mark style=\"background-color:rgba(0, 0, 0, 0);color:#061d85\" class=\"has-inline-color\">&#8211;> <em>Kolej:<\/em> <\/mark>Z Polski poci\u0105gi \u0142\u0105cz\u0105 si\u0119 z sieci\u0105 kolejow\u0105 w Niemczech<\/strong> i <strong>dalej do Danii\/Szwecji,<\/strong> ale podr\u00f3\u017c trwa d\u0142ugo i cz\u0119sto wymaga wielu przesiadek.<\/li>\n\n\n\n<li><strong><mark style=\"background-color:#ffbf00\" class=\"has-inline-color\">Inne opcje; promy i kombinacje tras<\/mark><\/strong><br>&#8211;> <strong><em>Mi\u0119dzy Polsk\u0105 a Dani\u0105\/Szwecj\u0105 kursuj\u0105 promy pasa\u017cersko\u2011samochodowe <\/em><\/strong>(np. z Gda\u0144ska lub \u015awinouj\u015bcia do Dani\/ Szwecji)<\/li>\n\n\n\n<li><strong><mark style=\"background-color:#ffbf00\" class=\"has-inline-color\">Wycieczki z biur podr\u00f3\u017cy:  <\/mark><\/strong>                                                                                 <strong><em>Norwegia&#8211;> <\/em><\/strong><mark style=\"background-color:rgba(0, 0, 0, 0);color:#061d85\" class=\"has-inline-color\"><strong>objazd fiord\u00f3w 7\u201310 dni, cena ok. 4\u20136 tys. z\u0142\/os, loty, hotele, \u015bniadania, przewodnik. <\/strong>         <\/mark>                                                                                <strong><em>Islandia&#8211;> <\/em><mark style=\"background-color:rgba(0, 0, 0, 0);color:#061d85\" class=\"has-inline-color\">objazd 7\u201310 dni, \u201eZiemia ognia i lodu\u201d, cena ok. 8\u201310 tys. z\u0142\/os, wszystko w pakiecie. <\/mark><\/strong>                                                                         <strong><em>Szwecja\/Dania\/Finlandia&#8211;> <\/em><mark style=\"background-color:rgba(0, 0, 0, 0);color:#061d85\" class=\"has-inline-color\">kr\u00f3tsze objazdy lub city breaki 3\u20139 dni, cena ok. 600\u20135 tys. z\u0142\/os w zale\u017cno\u015bci od d\u0142ugo\u015bci i liczby kraj\u00f3w.<\/mark><\/strong><\/li>\n<\/ol>\n\n\n\n<h2 class=\"wp-block-heading\"><mark style=\"background-color:#ffbf00\" class=\"has-inline-color\"><strong><em>Podsumowanie:<\/em><\/strong><\/mark><\/h2>\n\n\n\n<p><strong>Kraje nordyckie: Dania, Norwegia, Szwecja, Finlandia i Islandia maj\u0105 bogat\u0105 ofert\u0119 atrakcji wpisanych na listy UNESCO,<\/strong> od zabytk\u00f3w sakralnych i archeologicznych po unikalne krajobrazy fiord\u00f3w i archipelag\u00f3w \u015bwiatowego dziedzictwa. <strong>Turystyka przyjazdowa do tych kraj\u00f3w dynamicznie odbudowuje si\u0119 po pandemii, z rosn\u0105c\u0105 liczb\u0105 go\u015bci i znacz\u0105cym udzia\u0142em w lokalnych gospodarkach.<\/strong> <mark style=\"background-color:rgba(0, 0, 0, 0);color:#061d85\" class=\"has-inline-color\"><strong>Polskie MSZ publikuj\u0105 praktyczne informacje dla podr\u00f3\u017cnych o dokumentach, bezpiecze\u0144stwie i zasadach zdrowotnych, a indywidualni tury\u015bci mog\u0105 \u0142atwo dotrze\u0107 lotami lub po\u0142\u0105czeniami autobusowo\u2011kolejowymi.<\/strong> <\/mark>Dla tych, kt\u00f3rzy wol\u0105 planowa\u0107 mniej samodzielnie, polskie<strong> biura podr\u00f3\u017cy oferuj\u0105 objazdowe wycieczki obejmuj\u0105ce najwa\u017cniejsze atrakcje regionu.<\/strong><\/p>\n\n\n\n<p class=\"has-text-align-center\"><\/p>\n\n\n\n<p class=\"has-text-align-left\"><br><\/p>\n\n\n\n<ol start=\"4\" class=\"wp-block-list\"><\/ol>\n\n\n\n<p><\/p>\n","protected":false},"excerpt":{"rendered":"<p>Kraje nordyckie, takie jak Norwegia, Szwecja, Finlandia, Dania, Islandia, przyci\u0105gaj\u0105 turyst\u00f3w pi\u0119kn\u0105 przyrod\u0105 i wysok\u0105 jako\u015bci\u0105 \u017cycia. Popularne s\u0105 tam fiordy, zorza polarna, oraz rozleg\u0142e lasy i jeziora. Turystyka rozwija si\u0119 dzi\u0119ki dobrej infrastrukturze oraz dba\u0142o\u015bci o \u015brodowisko naturalne. Region ten jest ceniony za spok\u00f3j, bezpiecze\u0144stwo, unikalna kultur\u0119. LISTA UNESCO (wybrane) DANIA: &#8211;&gt; Jelling Mounds, [&hellip;]<\/p>\n","protected":false},"author":2,"featured_media":0,"comment_status":"closed","ping_status":"closed","sticky":false,"template":"","format":"standard","meta":{"footnotes":""},"categories":[1],"tags":[],"class_list":["post-515","post","type-post","status-publish","format-standard","hentry","category-bez-kategorii"],"_links":{"self":[{"href":"https:\/\/ge26.dkonto.pl\/index.php\/wp-json\/wp\/v2\/posts\/515","targetHints":{"allow":["GET"]}}],"collection":[{"href":"https:\/\/ge26.dkonto.pl\/index.php\/wp-json\/wp\/v2\/posts"}],"about":[{"href":"https:\/\/ge26.dkonto.pl\/index.php\/wp-json\/wp\/v2\/types\/post"}],"author":[{"embeddable":true,"href":"https:\/\/ge26.dkonto.pl\/index.php\/wp-json\/wp\/v2\/users\/2"}],"replies":[{"embeddable":true,"href":"https:\/\/ge26.dkonto.pl\/index.php\/wp-json\/wp\/v2\/comments?post=515"}],"version-history":[{"count":3,"href":"https:\/\/ge26.dkonto.pl\/index.php\/wp-json\/wp\/v2\/posts\/515\/revisions"}],"predecessor-version":[{"id":587,"href":"https:\/\/ge26.dkonto.pl\/index.php\/wp-json\/wp\/v2\/posts\/515\/revisions\/587"}],"wp:attachment":[{"href":"https:\/\/ge26.dkonto.pl\/index.php\/wp-json\/wp\/v2\/media?parent=515"}],"wp:term":[{"taxonomy":"category","embeddable":true,"href":"https:\/\/ge26.dkonto.pl\/index.php\/wp-json\/wp\/v2\/categories?post=515"},{"taxonomy":"post_tag","embeddable":true,"href":"https:\/\/ge26.dkonto.pl\/index.php\/wp-json\/wp\/v2\/tags?post=515"}],"curies":[{"name":"wp","href":"https:\/\/api.w.org\/{rel}","templated":true}]}}