{"id":28,"date":"2026-03-04T00:50:59","date_gmt":"2026-03-03T23:50:59","guid":{"rendered":"https:\/\/ge26.dkonto.pl\/?p=28"},"modified":"2026-03-04T00:51:09","modified_gmt":"2026-03-03T23:51:09","slug":"kraje-baltyckie-charakterystyka-geograficzna","status":"publish","type":"post","link":"https:\/\/ge26.dkonto.pl\/index.php\/2026\/03\/04\/kraje-baltyckie-charakterystyka-geograficzna\/","title":{"rendered":"Kraje Ba\u0142tyckie &#8211; charakterystyka geograficzna"},"content":{"rendered":"\n<p>Kraje ba\u0142tyckie \u2013 Litwa, \u0141otwa, Estonia \u2013 to pa\u0144stwa po\u0142o\u017cone w Europie P\u00f3\u0142nocnej, na wschodnim wybrze\u017cu Morza Ba\u0142tyckiego. Zajmuj\u0105 one powierzchni\u0119 175,1 tys. km\u00b2, zamieszkuje je ok. 6,2 mln mieszka\u0144c\u00f3w.<\/p>\n\n\n\n<figure class=\"wp-block-image size-large is-resized\"><img loading=\"lazy\" decoding=\"async\" width=\"634\" height=\"533\" src=\"https:\/\/ge26.dkonto.pl\/wp-content\/uploads\/2026\/02\/obraz-4-edited.png\" alt=\"\" class=\"wp-image-46\" style=\"aspect-ratio:1.1879290611493305;width:415px;height:auto\" srcset=\"https:\/\/ge26.dkonto.pl\/wp-content\/uploads\/2026\/02\/obraz-4-edited.png 634w, https:\/\/ge26.dkonto.pl\/wp-content\/uploads\/2026\/02\/obraz-4-edited-300x252.png 300w\" sizes=\"auto, (max-width: 634px) 100vw, 634px\" \/><\/figure>\n\n\n\n<h2 class=\"wp-block-heading\">Historia kraj\u00f3w ba\u0142tyckich<\/h2>\n\n\n\n<p>Historia regionu to wielowiekowa walka o suwerenno\u015b\u0107 mi\u0119dzy wp\u0142ywami Niemiec, Skandynawii, Polski i Rosji. Po kr\u00f3tkim okresie wolno\u015bci uzyskanym w&nbsp;1918 roku, kraje te na p\u00f3\u0142 wieku trafi\u0142y pod przymusow\u0105 okupacj\u0119 radzieck\u0105, kt\u00f3ra odcisn\u0119\u0142a g\u0142\u0119bokie pi\u0119tno na ich spo\u0142ecze\u0144stwach. Prze\u0142omem by\u0142 rok&nbsp;1991, kiedy po masowych, pokojowych protestach (takich jak Ba\u0142tycki \u0141a\u0144cuch) odzyska\u0142y pe\u0142n\u0105 niepodleg\u0142o\u015b\u0107. Od tego czasu Litwa, \u0141otwa i Estonia przesz\u0142y b\u0142yskawiczn\u0105 transformacj\u0119, zwie\u0144czon\u0105 wst\u0105pieniem do&nbsp;Unii Europejskiej i NATO w 2004 roku.<\/p>\n\n\n\n<h2 class=\"wp-block-heading\">\u015arodowisko geograficzne regionu<\/h2>\n\n\n\n<h3 class=\"wp-block-heading\">Klimat: <\/h3>\n\n\n\n<p>Jest to klimat&nbsp;umiarkowany przej\u015bciowy, z wyra\u017anym wp\u0142ywem morskim na wybrze\u017cu, kt\u00f3ry \u0142agodzi temperatury. Zimy s\u0105 zazwyczaj mro\u017ane i \u015bnie\u017cne (zw\u0142aszcza na p\u00f3\u0142nocnej Estonii), a lata \u0142agodne (ok. 18\u00b0C); region charakteryzuje si\u0119 du\u017c\u0105 zmienno\u015bci\u0105 pogody i zjawiskiem&nbsp;bia\u0142ych nocy&nbsp;w czerwcu.<\/p>\n\n\n\n<h3 class=\"wp-block-heading\">Wody:<\/h3>\n\n\n\n<p>Region jest wyj\u0105tkowo zasobny w wod\u0119 dzi\u0119ki g\u0119stej sieci leniwych rzek (m.in.&nbsp;Niemen, D\u017awina) oraz tysi\u0105com polodowcowych jezior, z kt\u00f3rych najwi\u0119ksze to&nbsp;Pejpus. Charakterystyczn\u0105 cech\u0105 jest ogromny udzia\u0142 teren\u00f3w podmok\u0142ych \u2013 bagna i torfowiska zajmuj\u0105 tu znaczn\u0105 cz\u0119\u015b\u0107 powierzchni, pe\u0142ni\u0105c rol\u0119 naturalnych zbiornik\u00f3w retencyjnych.<\/p>\n\n\n\n<h3 class=\"wp-block-heading\">Gleby:<\/h3>\n\n\n\n<p>Przewa\u017caj\u0105 gleby&nbsp;ma\u0142o \u017cyzne, g\u0142\u00f3wnie bielicowe i darniowo-bielicowe wytworzone na piaskach i glinach polodowcowych. W Estonii i na \u0141otwie powszechne s\u0105 gleby bagienne i torfowe, kt\u00f3re wymagaj\u0105 melioracji pod uprawy, natomiast najlepsze grunty (gleby brunatne) wyst\u0119puj\u0105 punktowo w \u015brodkowej Litwie i na po\u0142udniu \u0141otwy.<\/p>\n\n\n\n<h2 class=\"wp-block-heading\">Pa\u0144stwa te cechuj\u0105 liczne podobie\u0144stwa:<\/h2>\n\n\n\n<ul class=\"wp-block-list\">\n<li>Kulturowe \u2013 ludy i j\u0119zyki nies\u0142owia\u0144skie odr\u00f3\u017cniaj\u0105ce je od otaczaj\u0105cych narod\u00f3w, zobacz:&nbsp;j\u0119zyki ba\u0142tyckie:&nbsp;litewski&nbsp;i&nbsp;\u0142otewski&nbsp;oraz j\u0119zyk ugrofi\u0144ski:&nbsp;j\u0119zyk esto\u0144ski, bliski krewny&nbsp;j\u0119zyka fi\u0144skiego. Ludy: Ba\u0142towie (Litwini&nbsp;i&nbsp;\u0141otysze),&nbsp;Ugrofinowie&nbsp;(Esto\u0144czycy). Bardzo silne wp\u0142ywy kultur&nbsp;skandynawskiej&nbsp;i&nbsp;niemieckiej&nbsp;na \u0141otwie, a szczeg\u00f3lnie w Estonii. Litwini s\u0105 g\u0142\u00f3wnie&nbsp;katolikami, a \u0141otysze i Esto\u0144czycy to w wi\u0119kszo\u015bci&nbsp;protestanci.<\/li>\n<\/ul>\n\n\n\n<ul class=\"wp-block-list\">\n<li>Historyczne &#8211; uzale\u017cnienie od s\u0105siednich pa\u0144stw, g\u0142\u00f3wnie:&nbsp;Szwecji,&nbsp;Danii,&nbsp;Rosji, Polski oraz&nbsp;niemieckich pa\u0144stw zakonnych&nbsp;oraz innych twor\u00f3w pa\u0144stwowych rz\u0105dzonych przez Niemc\u00f3w. Ca\u0142e \u0141otwa i Estonia, a tak\u017ce niewielka cz\u0119\u015b\u0107 Litwy nale\u017ca\u0142y setki lat do niemieckoj\u0119zycznych pa\u0144stw zakonnych i innych niemieckoj\u0119zycznych pa\u0144stw. Niepodleg\u0142e przed&nbsp;II wojn\u0105 \u015bwiatow\u0105&nbsp;\u2013&nbsp;Ententa Ba\u0142tycka, aneksja przez&nbsp;ZSRR&nbsp;w 1940 i&nbsp;okupacja radziecka, jako pierwsze og\u0142osi\u0142y niepodleg\u0142o\u015b\u0107 w 1991.<\/li>\n<\/ul>\n\n\n\n<ul class=\"wp-block-list\">\n<li>Polityczne &#8211; by\u0142e&nbsp;republiki radzieckie, jako jedyne nie wst\u0105pi\u0142y do&nbsp;Wsp\u00f3lnoty Niepodleg\u0142ych Pa\u0144stw, jedyne kraje by\u0142ego ZSRR b\u0119d\u0105ce w&nbsp;Unii Europejskiej&nbsp;i&nbsp;NATO, jedyne kraje by\u0142ego ZSRR nale\u017c\u0105ce do kultury zachodniej, wzrost tendencji nacjonalistycznych w latach 90. XX wieku \u2013 kontrowersyjne z punktu widzenia&nbsp;Rosjan&nbsp;prawa przyznaj\u0105ce obywatelstwo i ustawy o ochronie j\u0119zyka w Estonii i \u0141otwie. W krajach tych wyst\u0119puje du\u017ca rosyjska mniejszo\u015b\u0107 narodowa (przesiedlona tam w czasie ZSRR), nieznaj\u0105ca j\u0119zyk\u00f3w narodowych tych pa\u0144stw.<\/li>\n<\/ul>\n\n\n\n<h2 class=\"wp-block-heading\">Gospodarka Kraj\u00f3w Ba\u0142tyckich<\/h2>\n\n\n\n<p>Cho\u0107 kraje te s\u0105 niewielkie pod wzgl\u0119dem powierzchni i liczby ludno\u015bci, nale\u017c\u0105 do dynamicznie rozwijaj\u0105cych si\u0119 gospodarek Europy \u015arodkowo-Wschodniej. Wszystkie s\u0105 cz\u0142onkami UE, NATO oraz strefy euro.<\/p>\n\n\n\n<h3 class=\"wp-block-heading\">Litwa<\/h3>\n\n\n\n<ul class=\"wp-block-list\">\n<li>Najwi\u0119ksza gospodarka spo\u015br\u00f3d trzech pa\u0144stw ba\u0142tyckich<\/li>\n\n\n\n<li>Silny sektor us\u0142ug (ok. 70% PKB)<\/li>\n\n\n\n<li>Dynamiczny rozw\u00f3j fintechu (Wilno jako regionalne centrum finansowe)<\/li>\n\n\n\n<li>Wa\u017cna rola portu w K\u0142ajpedzie (handel morski)<\/li>\n<\/ul>\n\n\n\n<p>G\u0142\u00f3wne sektory: <\/p>\n\n\n\n<ul class=\"wp-block-list\">\n<li>przemys\u0142 przetw\u00f3rczy (chemia, meble, \u017cywno\u015b\u0107)<\/li>\n\n\n\n<li>transport i logistyka <\/li>\n\n\n\n<li>technologie finansowe<\/li>\n\n\n\n<li>energetyka (dywersyfikacja po odej\u015bciu od rosyjskich surowc\u00f3w)<\/li>\n<\/ul>\n\n\n\n<h3 class=\"wp-block-heading\">\u0141otwa<\/h3>\n\n\n\n<ul class=\"wp-block-list\">\n<li>Gospodarka oparta g\u0142\u00f3wnie na us\u0142ugach i eksporcie <\/li>\n\n\n\n<li>Wa\u017cna rola tranzytu i port\u00f3w (Ryga, Windawa)<\/li>\n\n\n\n<li>Silny sektor drzewny <\/li>\n<\/ul>\n\n\n\n<p>G\u0142\u00f3wne sektory:<\/p>\n\n\n\n<ul class=\"wp-block-list\">\n<li>przemys\u0142 drzewny i meblarski<\/li>\n\n\n\n<li>transport morski i kolejowy<\/li>\n\n\n\n<li>IT i us\u0142ugi biznesowe <\/li>\n\n\n\n<li>rolnictwo (zbo\u017ca, nabia\u0142)<\/li>\n<\/ul>\n\n\n\n<h2 class=\"wp-block-heading\">Estonia<\/h2>\n\n\n\n<ul class=\"wp-block-list\">\n<li>Najbardziej zaawansowana cyfrowo gospodarka regionu<\/li>\n\n\n\n<li>Lider w e-administracji i us\u0142ugach online<\/li>\n\n\n\n<li>Silny sektor startupowy (np. tw\u00f3rcy Skype) <\/li>\n<\/ul>\n\n\n\n<p>G\u0142\u00f3wne sektory:<\/p>\n\n\n\n<ul class=\"wp-block-list\">\n<li>technologie informacyjne i komunikacyjne (ICT)<\/li>\n\n\n\n<li>us\u0142ugi cyfrowe i e-administracja <\/li>\n\n\n\n<li>przemys\u0142 lekki i elektroniczny<\/li>\n\n\n\n<li>energetyka (\u0142upki bitumiczne \u2013 historycznie wa\u017cne)<\/li>\n<\/ul>\n\n\n\n<h3 class=\"wp-block-heading\">Wsp\u00f3lne cechy gospodarek ba\u0142tyckich<\/h3>\n\n\n\n<ul class=\"wp-block-list\">\n<li>Ma\u0142e, otwarte gospodarki silnie zale\u017cne od eksportu<\/li>\n\n\n\n<li>Szybka transformacja po 1991 r. (odej\u015bcie od gospodarki centralnie planowanej)<\/li>\n\n\n\n<li>Wysoka innowacyjno\u015b\u0107 (szczeg\u00f3lnie Estonia)<\/li>\n\n\n\n<li>Silne powi\u0105zania handlowe z krajami skandynawskimi i Niemcami Wra\u017cliwo\u015b\u0107 na kryzysy zewn\u0119trzne (np. kryzys 2008, skutki wojny w Ukrainie)<\/li>\n<\/ul>\n\n\n\n<h2 class=\"wp-block-heading\">Bibliografia<\/h2>\n\n\n\n<ul class=\"wp-block-list\">\n<li><a href=\"https:\/\/pl.wikipedia.org\/wiki\/Kraje_ba\u0142tyckie\">https:\/\/pl.wikipedia.org\/wiki\/Kraje_ba\u0142tyckie<\/a><\/li>\n\n\n\n<li><a href=\"https:\/\/pl.wikipedia.org\/wiki\/Kraje_ba\u0142tyckie#\/media\/Plik:Baltic_states.svg\">https:\/\/pl.wikipedia.org\/wiki\/Kraje_ba\u0142tyckie#\/media\/Plik:Baltic_states.svg<\/a><\/li>\n<\/ul>\n\n\n\n<p><\/p>\n","protected":false},"excerpt":{"rendered":"<p>Kraje ba\u0142tyckie \u2013 Litwa, \u0141otwa, Estonia \u2013 to pa\u0144stwa po\u0142o\u017cone w Europie P\u00f3\u0142nocnej, na wschodnim wybrze\u017cu Morza Ba\u0142tyckiego. Zajmuj\u0105 one powierzchni\u0119 175,1 tys. km\u00b2, zamieszkuje je ok. 6,2 mln mieszka\u0144c\u00f3w. Historia kraj\u00f3w ba\u0142tyckich Historia regionu to wielowiekowa walka o suwerenno\u015b\u0107 mi\u0119dzy wp\u0142ywami Niemiec, Skandynawii, Polski i Rosji. Po kr\u00f3tkim okresie wolno\u015bci uzyskanym w&nbsp;1918 roku, kraje [&hellip;]<\/p>\n","protected":false},"author":8,"featured_media":0,"comment_status":"closed","ping_status":"closed","sticky":false,"template":"","format":"standard","meta":{"footnotes":""},"categories":[1],"tags":[],"class_list":["post-28","post","type-post","status-publish","format-standard","hentry","category-bez-kategorii"],"_links":{"self":[{"href":"https:\/\/ge26.dkonto.pl\/index.php\/wp-json\/wp\/v2\/posts\/28","targetHints":{"allow":["GET"]}}],"collection":[{"href":"https:\/\/ge26.dkonto.pl\/index.php\/wp-json\/wp\/v2\/posts"}],"about":[{"href":"https:\/\/ge26.dkonto.pl\/index.php\/wp-json\/wp\/v2\/types\/post"}],"author":[{"embeddable":true,"href":"https:\/\/ge26.dkonto.pl\/index.php\/wp-json\/wp\/v2\/users\/8"}],"replies":[{"embeddable":true,"href":"https:\/\/ge26.dkonto.pl\/index.php\/wp-json\/wp\/v2\/comments?post=28"}],"version-history":[{"count":3,"href":"https:\/\/ge26.dkonto.pl\/index.php\/wp-json\/wp\/v2\/posts\/28\/revisions"}],"predecessor-version":[{"id":99,"href":"https:\/\/ge26.dkonto.pl\/index.php\/wp-json\/wp\/v2\/posts\/28\/revisions\/99"}],"wp:attachment":[{"href":"https:\/\/ge26.dkonto.pl\/index.php\/wp-json\/wp\/v2\/media?parent=28"}],"wp:term":[{"taxonomy":"category","embeddable":true,"href":"https:\/\/ge26.dkonto.pl\/index.php\/wp-json\/wp\/v2\/categories?post=28"},{"taxonomy":"post_tag","embeddable":true,"href":"https:\/\/ge26.dkonto.pl\/index.php\/wp-json\/wp\/v2\/tags?post=28"}],"curies":[{"name":"wp","href":"https:\/\/api.w.org\/{rel}","templated":true}]}}